{"id":514,"date":"2013-09-14T17:53:16","date_gmt":"2013-09-14T15:53:16","guid":{"rendered":"https:\/\/www.littlewild-gallery.com\/index.php\/2013\/09\/14\/living-with-nature\/"},"modified":"2018-09-08T11:33:21","modified_gmt":"2018-09-08T09:33:21","slug":"living-with-nature","status":"publish","type":"post","link":"https:\/\/www.littlewild-gallery.com\/it\/2013\/09\/14\/living-with-nature\/","title":{"rendered":"Living with nature"},"content":{"rendered":"<p>[et_pb_section fb_built=&#8221;1&#8243; _builder_version=&#8221;3.0.47&#8243; custom_padding=&#8221;0|0px|0|0px|false|false&#8221;][et_pb_row _builder_version=&#8221;3.0.48&#8243; background_size=&#8221;initial&#8221; background_position=&#8221;top_left&#8221; background_repeat=&#8221;repeat&#8221;][et_pb_column type=&#8221;4_4&#8243; _builder_version=&#8221;3.0.47&#8243; parallax=&#8221;off&#8221; parallax_method=&#8221;on&#8221;][et_pb_text _builder_version=&#8221;3.13.1&#8243; background_size=&#8221;initial&#8221; background_position=&#8221;top_left&#8221; background_repeat=&#8221;repeat&#8221;]<\/p>\n<p class=\"rtejustify\" style=\"text-align: justify;\">Le immagini di Stefano Unterthiner saranno in mostra a Tokyo, nella galleria Konica-Minolta, dal 6 settembre al 27 settembre 2012. La mostra \u00e8 intitolata &#8220;Living with nature&#8221; (Vivere con la natura).<\/p>\n<p class=\"rtejustify\" style=\"text-align: justify;\">Stefano presenta cos\u00ec la sua prima mostra in Giappone: &#8220;Ho deciso di intitolare questa mostra Living with nature perch\u00e8 ben descrive il mio modo di lavorare. Durante i miei incarichi, cerco sempre di trascorrere pi\u00f9 tempo possibile sul campo. Ho bisogno di &#8220;vivere con la natura&#8221; e trascorrere lunghi periodi con i miei soggetti, per essere in grado di raccontare le mie storie. Spero che questa mostra apra i nostri occhi e i nostri cuori alla natura, agli animali, alle ultime aree selvagge del nostro pianeta. Siamo tutti connessi con la natura e abbiamo bisogno di imparare, di nuovo, come vivere sul nostro pianeta. Con questa mostra, spero di ispirare le persone a trovare la loro strada per avvicinarsi alla natura&#8221;<\/p>\n<p class=\"rtejustify\" style=\"text-align: justify;\">\n<p class=\"rtejustify\" style=\"text-align: justify;\"><img loading=\"lazy\" decoding=\"async\" src=\"https:\/\/www.littlewild-gallery.com\/wp-content\/uploads\/2013\/09\/Konica_02.jpg\" alt=\"&quot;Living with nature&quot;, Konica-Minolta gallery (Tokyo)\" class=\"wp-image-512 aligncenter size-full\" width=\"950\" height=\"631\" \/><\/p>\n<p>[\/et_pb_text][\/et_pb_column][\/et_pb_row][\/et_pb_section]<\/p>\n","protected":false},"excerpt":{"rendered":"<p>Le immagini di Stefano Unterthiner saranno in mostra a Tokyo, nella galleria Konica-Minolta, dal 6 settembre al 27 settembre 2012. La mostra \u00e8 intitolata &#8220;Living with nature&#8221; (Vivere con la natura). Stefano presenta cos\u00ec la sua prima mostra in Giappone: &#8220;Ho deciso di intitolare questa mostra Living with nature perch\u00e8 ben descrive il mio modo [&hellip;]<\/p>\n","protected":false},"author":1,"featured_media":511,"comment_status":"open","ping_status":"closed","sticky":false,"template":"","format":"standard","meta":{"_et_pb_use_builder":"on","_et_pb_old_content":"<p class=\"rtejustify\" style=\"text-align: justify;\">\u00a0<\/p><p class=\"rtejustify\" style=\"text-align: justify;\">Le immagini di Stefano Unterthiner saranno in mostra a Tokyo, nella galleria Konica-Minolta, dal 6 settembre al 27 settembre 2012. La mostra \u00e8 intitolata \"Living with nature\" (Vivere con la natura).<\/p><p class=\"rtejustify\" style=\"text-align: justify;\"><a href=\"\/images\/stories\/news\/news_2012\/Konica_02.jpg\"><img class=\" alignleft size-full wp-image-512\" style=\"margin-left: 10px; margin-right: 10px; border: 1px solid black; float: left; width: 153px; height: 101px;\" src=\"https:\/\/www.littlewild-gallery.com\/wp-content\/uploads\/2013\/09\/Konica_02.jpg\" alt=\"&quot;Living with nature&quot;, Konica-Minolta gallery (Tokyo)\" width=\"950\" height=\"631\" \/><\/a>Stefano <a class=\"thumbnail\" title=\"&amp;quot;Living with nature&amp;quot;, Konica-Minolta gallery (Tokyo)\" href=\"\/images\/stories\/news\/news_2012\/Konica_01.jpg\" target=\"_blank\" rel=\"lightbox[45] noopener\"><img class=\" alignleft size-full wp-image-513\" style=\"margin-left: 10px; margin-right: 10px; border: 1px solid black; float: left; width: 153px; height: 101px;\" src=\"https:\/\/www.littlewild-gallery.com\/wp-content\/uploads\/2013\/09\/Konica_01.jpg\" alt=\"&quot;Living with nature&quot;, Konica-Minolta gallery (Tokyo)\" width=\"950\" height=\"631\" \/><\/a>introduce cos\u00ec la sua prima mostra in Giappone: \"Ho deciso di intitolare questa mostra Living with nature perch\u00e8 ben descrive il mio modo di lavorare. Durante i miei incarichi, cerco sempre di trascorrere pi\u00f9 tempo possibile sul campo. Ho bisogno di \"vivere con la natura\" e trascorrere lunghi periodi con i miei soggetti, per essere in grado di raccontare le mie storie. Spero che questa mostra apra i nostri occhi e i nostri cuori alla natura, agli animali, alle ultime aree selvagge del nostro pianeta. Siamo tutti connessi con la natura e abbiamo bisogno di imparare, di nuovo, come vivere sul nostro pianeta. Con questa mostra, spero di ispirare le persone a trovare la loro strada per avvicinarsi alla natura\"<\/p>","_et_gb_content_width":"","footnotes":""},"categories":[18],"tags":[],"class_list":["post-514","post","type-post","status-publish","format-standard","has-post-thumbnail","hentry","category-news"],"yoast_head":"<!-- This site is optimized with the Yoast SEO plugin v27.5 - https:\/\/yoast.com\/product\/yoast-seo-wordpress\/ -->\n<title>Living with nature - The Little Wild Gallery<\/title>\n<meta name=\"robots\" content=\"index, follow, max-snippet:-1, max-image-preview:large, max-video-preview:-1\" \/>\n<link rel=\"canonical\" href=\"https:\/\/www.littlewild-gallery.com\/it\/2013\/09\/14\/living-with-nature\/\" \/>\n<meta property=\"og:locale\" content=\"it_IT\" \/>\n<meta property=\"og:type\" content=\"article\" \/>\n<meta property=\"og:title\" content=\"Living with nature - The Little Wild Gallery\" \/>\n<meta property=\"og:description\" content=\"Le immagini di Stefano Unterthiner saranno in mostra a Tokyo, nella galleria Konica-Minolta, dal 6 settembre al 27 settembre 2012. La mostra \u00e8 intitolata &quot;Living with nature&quot; (Vivere con la natura). Stefano presenta cos\u00ec la sua prima mostra in Giappone: &quot;Ho deciso di intitolare questa mostra Living with nature perch\u00e8 ben descrive il mio modo [&hellip;]\" \/>\n<meta property=\"og:url\" content=\"https:\/\/www.littlewild-gallery.com\/it\/2013\/09\/14\/living-with-nature\/\" \/>\n<meta property=\"og:site_name\" content=\"The Little Wild Gallery\" \/>\n<meta property=\"article:published_time\" content=\"2013-09-14T15:53:16+00:00\" \/>\n<meta property=\"article:modified_time\" content=\"2018-09-08T09:33:21+00:00\" \/>\n<meta property=\"og:image\" content=\"https:\/\/www.littlewild-gallery.com\/wp-content\/uploads\/2015\/02\/konika_unterthiner.jpg\" \/>\n\t<meta property=\"og:image:width\" content=\"498\" \/>\n\t<meta property=\"og:image:height\" content=\"332\" \/>\n\t<meta property=\"og:image:type\" content=\"image\/jpeg\" \/>\n<meta name=\"author\" content=\"eT6svR4hSJ\" \/>\n<meta name=\"twitter:card\" content=\"summary_large_image\" \/>\n<meta name=\"twitter:label1\" content=\"Scritto da\" \/>\n\t<meta name=\"twitter:data1\" content=\"eT6svR4hSJ\" \/>\n\t<meta name=\"twitter:label2\" content=\"Tempo di lettura stimato\" \/>\n\t<meta name=\"twitter:data2\" content=\"1 minuto\" \/>\n<script type=\"application\/ld+json\" class=\"yoast-schema-graph\">{\"@context\":\"https:\\\/\\\/schema.org\",\"@graph\":[{\"@type\":\"Article\",\"@id\":\"https:\\\/\\\/www.littlewild-gallery.com\\\/it\\\/2013\\\/09\\\/14\\\/living-with-nature\\\/#article\",\"isPartOf\":{\"@id\":\"https:\\\/\\\/www.littlewild-gallery.com\\\/it\\\/2013\\\/09\\\/14\\\/living-with-nature\\\/\"},\"author\":{\"name\":\"eT6svR4hSJ\",\"@id\":\"https:\\\/\\\/www.littlewild-gallery.com\\\/it\\\/#\\\/schema\\\/person\\\/a2ca011123946bd05084dbd109d95169\"},\"headline\":\"Living with nature\",\"datePublished\":\"2013-09-14T15:53:16+00:00\",\"dateModified\":\"2018-09-08T09:33:21+00:00\",\"mainEntityOfPage\":{\"@id\":\"https:\\\/\\\/www.littlewild-gallery.com\\\/it\\\/2013\\\/09\\\/14\\\/living-with-nature\\\/\"},\"wordCount\":217,\"commentCount\":0,\"image\":{\"@id\":\"https:\\\/\\\/www.littlewild-gallery.com\\\/it\\\/2013\\\/09\\\/14\\\/living-with-nature\\\/#primaryimage\"},\"thumbnailUrl\":\"https:\\\/\\\/www.littlewild-gallery.com\\\/wp-content\\\/uploads\\\/2015\\\/02\\\/konika_unterthiner.jpg\",\"articleSection\":[\"News\"],\"inLanguage\":\"it-IT\",\"potentialAction\":[{\"@type\":\"CommentAction\",\"name\":\"Comment\",\"target\":[\"https:\\\/\\\/www.littlewild-gallery.com\\\/it\\\/2013\\\/09\\\/14\\\/living-with-nature\\\/#respond\"]}]},{\"@type\":\"WebPage\",\"@id\":\"https:\\\/\\\/www.littlewild-gallery.com\\\/it\\\/2013\\\/09\\\/14\\\/living-with-nature\\\/\",\"url\":\"https:\\\/\\\/www.littlewild-gallery.com\\\/it\\\/2013\\\/09\\\/14\\\/living-with-nature\\\/\",\"name\":\"Living with nature - The Little Wild Gallery\",\"isPartOf\":{\"@id\":\"https:\\\/\\\/www.littlewild-gallery.com\\\/it\\\/#website\"},\"primaryImageOfPage\":{\"@id\":\"https:\\\/\\\/www.littlewild-gallery.com\\\/it\\\/2013\\\/09\\\/14\\\/living-with-nature\\\/#primaryimage\"},\"image\":{\"@id\":\"https:\\\/\\\/www.littlewild-gallery.com\\\/it\\\/2013\\\/09\\\/14\\\/living-with-nature\\\/#primaryimage\"},\"thumbnailUrl\":\"https:\\\/\\\/www.littlewild-gallery.com\\\/wp-content\\\/uploads\\\/2015\\\/02\\\/konika_unterthiner.jpg\",\"datePublished\":\"2013-09-14T15:53:16+00:00\",\"dateModified\":\"2018-09-08T09:33:21+00:00\",\"author\":{\"@id\":\"https:\\\/\\\/www.littlewild-gallery.com\\\/it\\\/#\\\/schema\\\/person\\\/a2ca011123946bd05084dbd109d95169\"},\"breadcrumb\":{\"@id\":\"https:\\\/\\\/www.littlewild-gallery.com\\\/it\\\/2013\\\/09\\\/14\\\/living-with-nature\\\/#breadcrumb\"},\"inLanguage\":\"it-IT\",\"potentialAction\":[{\"@type\":\"ReadAction\",\"target\":[\"https:\\\/\\\/www.littlewild-gallery.com\\\/it\\\/2013\\\/09\\\/14\\\/living-with-nature\\\/\"]}]},{\"@type\":\"ImageObject\",\"inLanguage\":\"it-IT\",\"@id\":\"https:\\\/\\\/www.littlewild-gallery.com\\\/it\\\/2013\\\/09\\\/14\\\/living-with-nature\\\/#primaryimage\",\"url\":\"https:\\\/\\\/www.littlewild-gallery.com\\\/wp-content\\\/uploads\\\/2015\\\/02\\\/konika_unterthiner.jpg\",\"contentUrl\":\"https:\\\/\\\/www.littlewild-gallery.com\\\/wp-content\\\/uploads\\\/2015\\\/02\\\/konika_unterthiner.jpg\",\"width\":498,\"height\":332,\"caption\":\"konika_unterthiner.jpg\"},{\"@type\":\"BreadcrumbList\",\"@id\":\"https:\\\/\\\/www.littlewild-gallery.com\\\/it\\\/2013\\\/09\\\/14\\\/living-with-nature\\\/#breadcrumb\",\"itemListElement\":[{\"@type\":\"ListItem\",\"position\":1,\"name\":\"Home\",\"item\":\"https:\\\/\\\/www.littlewild-gallery.com\\\/it\\\/\"},{\"@type\":\"ListItem\",\"position\":2,\"name\":\"Living with nature\"}]},{\"@type\":\"WebSite\",\"@id\":\"https:\\\/\\\/www.littlewild-gallery.com\\\/it\\\/#website\",\"url\":\"https:\\\/\\\/www.littlewild-gallery.com\\\/it\\\/\",\"name\":\"The Little Wild Gallery\",\"description\":\"Fine prints and books by  Stefano Unterthiner\",\"potentialAction\":[{\"@type\":\"SearchAction\",\"target\":{\"@type\":\"EntryPoint\",\"urlTemplate\":\"https:\\\/\\\/www.littlewild-gallery.com\\\/it\\\/?s={search_term_string}\"},\"query-input\":{\"@type\":\"PropertyValueSpecification\",\"valueRequired\":true,\"valueName\":\"search_term_string\"}}],\"inLanguage\":\"it-IT\"},{\"@type\":\"Person\",\"@id\":\"https:\\\/\\\/www.littlewild-gallery.com\\\/it\\\/#\\\/schema\\\/person\\\/a2ca011123946bd05084dbd109d95169\",\"name\":\"eT6svR4hSJ\",\"image\":{\"@type\":\"ImageObject\",\"inLanguage\":\"it-IT\",\"@id\":\"https:\\\/\\\/secure.gravatar.com\\\/avatar\\\/7848cb5e2d46c127bde5abbaabd5d08265745ccd8c08061d23334eaa4116170a?s=96&d=mm&r=g\",\"url\":\"https:\\\/\\\/secure.gravatar.com\\\/avatar\\\/7848cb5e2d46c127bde5abbaabd5d08265745ccd8c08061d23334eaa4116170a?s=96&d=mm&r=g\",\"contentUrl\":\"https:\\\/\\\/secure.gravatar.com\\\/avatar\\\/7848cb5e2d46c127bde5abbaabd5d08265745ccd8c08061d23334eaa4116170a?s=96&d=mm&r=g\",\"caption\":\"eT6svR4hSJ\"},\"url\":\"https:\\\/\\\/www.littlewild-gallery.com\\\/it\\\/author\\\/et6svr4hsj\\\/\"}]}<\/script>\n<!-- \/ Yoast SEO plugin. -->","yoast_head_json":{"title":"Living with nature - The Little Wild Gallery","robots":{"index":"index","follow":"follow","max-snippet":"max-snippet:-1","max-image-preview":"max-image-preview:large","max-video-preview":"max-video-preview:-1"},"canonical":"https:\/\/www.littlewild-gallery.com\/it\/2013\/09\/14\/living-with-nature\/","og_locale":"it_IT","og_type":"article","og_title":"Living with nature - The Little Wild Gallery","og_description":"Le immagini di Stefano Unterthiner saranno in mostra a Tokyo, nella galleria Konica-Minolta, dal 6 settembre al 27 settembre 2012. La mostra \u00e8 intitolata \"Living with nature\" (Vivere con la natura). Stefano presenta cos\u00ec la sua prima mostra in Giappone: \"Ho deciso di intitolare questa mostra Living with nature perch\u00e8 ben descrive il mio modo [&hellip;]","og_url":"https:\/\/www.littlewild-gallery.com\/it\/2013\/09\/14\/living-with-nature\/","og_site_name":"The Little Wild Gallery","article_published_time":"2013-09-14T15:53:16+00:00","article_modified_time":"2018-09-08T09:33:21+00:00","og_image":[{"width":498,"height":332,"url":"https:\/\/www.littlewild-gallery.com\/wp-content\/uploads\/2015\/02\/konika_unterthiner.jpg","type":"image\/jpeg"}],"author":"eT6svR4hSJ","twitter_card":"summary_large_image","twitter_misc":{"Scritto da":"eT6svR4hSJ","Tempo di lettura stimato":"1 minuto"},"schema":{"@context":"https:\/\/schema.org","@graph":[{"@type":"Article","@id":"https:\/\/www.littlewild-gallery.com\/it\/2013\/09\/14\/living-with-nature\/#article","isPartOf":{"@id":"https:\/\/www.littlewild-gallery.com\/it\/2013\/09\/14\/living-with-nature\/"},"author":{"name":"eT6svR4hSJ","@id":"https:\/\/www.littlewild-gallery.com\/it\/#\/schema\/person\/a2ca011123946bd05084dbd109d95169"},"headline":"Living with nature","datePublished":"2013-09-14T15:53:16+00:00","dateModified":"2018-09-08T09:33:21+00:00","mainEntityOfPage":{"@id":"https:\/\/www.littlewild-gallery.com\/it\/2013\/09\/14\/living-with-nature\/"},"wordCount":217,"commentCount":0,"image":{"@id":"https:\/\/www.littlewild-gallery.com\/it\/2013\/09\/14\/living-with-nature\/#primaryimage"},"thumbnailUrl":"https:\/\/www.littlewild-gallery.com\/wp-content\/uploads\/2015\/02\/konika_unterthiner.jpg","articleSection":["News"],"inLanguage":"it-IT","potentialAction":[{"@type":"CommentAction","name":"Comment","target":["https:\/\/www.littlewild-gallery.com\/it\/2013\/09\/14\/living-with-nature\/#respond"]}]},{"@type":"WebPage","@id":"https:\/\/www.littlewild-gallery.com\/it\/2013\/09\/14\/living-with-nature\/","url":"https:\/\/www.littlewild-gallery.com\/it\/2013\/09\/14\/living-with-nature\/","name":"Living with nature - The Little Wild Gallery","isPartOf":{"@id":"https:\/\/www.littlewild-gallery.com\/it\/#website"},"primaryImageOfPage":{"@id":"https:\/\/www.littlewild-gallery.com\/it\/2013\/09\/14\/living-with-nature\/#primaryimage"},"image":{"@id":"https:\/\/www.littlewild-gallery.com\/it\/2013\/09\/14\/living-with-nature\/#primaryimage"},"thumbnailUrl":"https:\/\/www.littlewild-gallery.com\/wp-content\/uploads\/2015\/02\/konika_unterthiner.jpg","datePublished":"2013-09-14T15:53:16+00:00","dateModified":"2018-09-08T09:33:21+00:00","author":{"@id":"https:\/\/www.littlewild-gallery.com\/it\/#\/schema\/person\/a2ca011123946bd05084dbd109d95169"},"breadcrumb":{"@id":"https:\/\/www.littlewild-gallery.com\/it\/2013\/09\/14\/living-with-nature\/#breadcrumb"},"inLanguage":"it-IT","potentialAction":[{"@type":"ReadAction","target":["https:\/\/www.littlewild-gallery.com\/it\/2013\/09\/14\/living-with-nature\/"]}]},{"@type":"ImageObject","inLanguage":"it-IT","@id":"https:\/\/www.littlewild-gallery.com\/it\/2013\/09\/14\/living-with-nature\/#primaryimage","url":"https:\/\/www.littlewild-gallery.com\/wp-content\/uploads\/2015\/02\/konika_unterthiner.jpg","contentUrl":"https:\/\/www.littlewild-gallery.com\/wp-content\/uploads\/2015\/02\/konika_unterthiner.jpg","width":498,"height":332,"caption":"konika_unterthiner.jpg"},{"@type":"BreadcrumbList","@id":"https:\/\/www.littlewild-gallery.com\/it\/2013\/09\/14\/living-with-nature\/#breadcrumb","itemListElement":[{"@type":"ListItem","position":1,"name":"Home","item":"https:\/\/www.littlewild-gallery.com\/it\/"},{"@type":"ListItem","position":2,"name":"Living with nature"}]},{"@type":"WebSite","@id":"https:\/\/www.littlewild-gallery.com\/it\/#website","url":"https:\/\/www.littlewild-gallery.com\/it\/","name":"The Little Wild Gallery","description":"Fine prints and books by  Stefano Unterthiner","potentialAction":[{"@type":"SearchAction","target":{"@type":"EntryPoint","urlTemplate":"https:\/\/www.littlewild-gallery.com\/it\/?s={search_term_string}"},"query-input":{"@type":"PropertyValueSpecification","valueRequired":true,"valueName":"search_term_string"}}],"inLanguage":"it-IT"},{"@type":"Person","@id":"https:\/\/www.littlewild-gallery.com\/it\/#\/schema\/person\/a2ca011123946bd05084dbd109d95169","name":"eT6svR4hSJ","image":{"@type":"ImageObject","inLanguage":"it-IT","@id":"https:\/\/secure.gravatar.com\/avatar\/7848cb5e2d46c127bde5abbaabd5d08265745ccd8c08061d23334eaa4116170a?s=96&d=mm&r=g","url":"https:\/\/secure.gravatar.com\/avatar\/7848cb5e2d46c127bde5abbaabd5d08265745ccd8c08061d23334eaa4116170a?s=96&d=mm&r=g","contentUrl":"https:\/\/secure.gravatar.com\/avatar\/7848cb5e2d46c127bde5abbaabd5d08265745ccd8c08061d23334eaa4116170a?s=96&d=mm&r=g","caption":"eT6svR4hSJ"},"url":"https:\/\/www.littlewild-gallery.com\/it\/author\/et6svr4hsj\/"}]}},"_links":{"self":[{"href":"https:\/\/www.littlewild-gallery.com\/it\/wp-json\/wp\/v2\/posts\/514","targetHints":{"allow":["GET"]}}],"collection":[{"href":"https:\/\/www.littlewild-gallery.com\/it\/wp-json\/wp\/v2\/posts"}],"about":[{"href":"https:\/\/www.littlewild-gallery.com\/it\/wp-json\/wp\/v2\/types\/post"}],"author":[{"embeddable":true,"href":"https:\/\/www.littlewild-gallery.com\/it\/wp-json\/wp\/v2\/users\/1"}],"replies":[{"embeddable":true,"href":"https:\/\/www.littlewild-gallery.com\/it\/wp-json\/wp\/v2\/comments?post=514"}],"version-history":[{"count":4,"href":"https:\/\/www.littlewild-gallery.com\/it\/wp-json\/wp\/v2\/posts\/514\/revisions"}],"predecessor-version":[{"id":966,"href":"https:\/\/www.littlewild-gallery.com\/it\/wp-json\/wp\/v2\/posts\/514\/revisions\/966"}],"wp:featuredmedia":[{"embeddable":true,"href":"https:\/\/www.littlewild-gallery.com\/it\/wp-json\/wp\/v2\/media\/511"}],"wp:attachment":[{"href":"https:\/\/www.littlewild-gallery.com\/it\/wp-json\/wp\/v2\/media?parent=514"}],"wp:term":[{"taxonomy":"category","embeddable":true,"href":"https:\/\/www.littlewild-gallery.com\/it\/wp-json\/wp\/v2\/categories?post=514"},{"taxonomy":"post_tag","embeddable":true,"href":"https:\/\/www.littlewild-gallery.com\/it\/wp-json\/wp\/v2\/tags?post=514"}],"curies":[{"name":"wp","href":"https:\/\/api.w.org\/{rel}","templated":true}]}}