{"id":518,"date":"2013-08-14T18:02:04","date_gmt":"2013-08-14T16:02:04","guid":{"rendered":"https:\/\/www.littlewild-gallery.com\/index.php\/2013\/08\/14\/testimonial-di-viva\/"},"modified":"2018-09-08T11:29:14","modified_gmt":"2018-09-08T09:29:14","slug":"testimonial-di-viva","status":"publish","type":"post","link":"https:\/\/www.littlewild-gallery.com\/it\/2013\/08\/14\/testimonial-di-viva\/","title":{"rendered":"Testimonial di VIVA"},"content":{"rendered":"<p>[et_pb_section fb_built=&#8221;1&#8243; _builder_version=&#8221;3.0.47&#8243; custom_padding=&#8221;0|0px|0|0px|false|false&#8221;][et_pb_row _builder_version=&#8221;3.0.48&#8243; background_size=&#8221;initial&#8221; background_position=&#8221;top_left&#8221; background_repeat=&#8221;repeat&#8221;][et_pb_column type=&#8221;4_4&#8243; _builder_version=&#8221;3.0.47&#8243; parallax=&#8221;off&#8221; parallax_method=&#8221;on&#8221;][et_pb_text _builder_version=&#8221;3.0.74&#8243; background_size=&#8221;initial&#8221; background_position=&#8221;top_left&#8221; background_repeat=&#8221;repeat&#8221;]<\/p>\n<p class=\"rtejustify\" style=\"text-align: justify;\">\n<p class=\"rtejustify\" style=\"text-align: justify;\">Stefano Unterthiner \u00e8 stato scelto, dalla regione Valle d&#8217;Aosta, come testimonial per il progetto <a href=\"http:\/\/www.vivavda.it\/default_i.aspx\" target=\"_blank\" rel=\"noopener\">VIVA, &#8220;Valle d&#8217;Aosta unica per natura\u201d<\/a>. Un progetto complesso che vuole rappresentare un modo nuovo di tutelare l&#8217;ambiente naturale, stimolare una fruizione guidata e consapevole della natura, offrire opportunit\u00e0 di sviluppo socio economico per le comunit\u00e0 locali, ponendo al centro la partecipazione alla \u201cbellezza\u201d della Regione.<\/p>\n<p class=\"rtejustify\" style=\"text-align: justify;\">Il principale obiettivo di VIVA \u00e8 quello di superare l&#8217;attuale frammentazione e creare una forte immagine unitaria del prodotto natura valdostano, sviluppare sinergie con gli altri settori quali l&#8217;agricoltura e la cultura ma, soprattutto, promuovere una fruizione basata su principi di eco-sostenibilit\u00e0, nel rispetto delle esigenze di tutela di queste aree.<\/p>\n<p class=\"rtejustify\" style=\"text-align: justify;\">Alcune fotografie di Stefano Unterthiner saranno utilizzate nella campagna promozionale del progetto; inoltre, Stefano terr\u00e0 una serie di incontri per promuovere VIVA e interverr\u00e0 sul sito web in qualit\u00e0 di <a href=\"http:\/\/www.vivavda.it\/sistema_viva\/editoriale_i.aspx\" target=\"_blank\" rel=\"noopener\">opinion-maker<\/a>.<\/p>\n<p>[\/et_pb_text][\/et_pb_column][\/et_pb_row][\/et_pb_section]<\/p>\n","protected":false},"excerpt":{"rendered":"<p>Stefano Unterthiner \u00e8 stato scelto, dalla regione Valle d&#8217;Aosta, come testimonial per il progetto VIVA, &#8220;Valle d&#8217;Aosta unica per natura\u201d. Un progetto complesso che vuole rappresentare un modo nuovo di tutelare l&#8217;ambiente naturale, stimolare una fruizione guidata e consapevole della natura, offrire opportunit\u00e0 di sviluppo socio economico per le comunit\u00e0 locali, ponendo al centro la [&hellip;]<\/p>\n","protected":false},"author":1,"featured_media":517,"comment_status":"open","ping_status":"closed","sticky":false,"template":"","format":"standard","meta":{"_et_pb_use_builder":"on","_et_pb_old_content":"<p class=\"rtejustify\" style=\"text-align: justify;\">\u00a0<\/p><p class=\"rtejustify\" style=\"text-align: justify;\">Stefano Unterthiner \u00e8 stato scelto, dalla regione Valle d'Aosta, come testimonial per il progetto <a href=\"http:\/\/www.vivavda.it\/default_i.aspx\" target=\"_blank\" rel=\"noopener\">VIVA, \"Valle d'Aosta unica per natura\u201d<\/a>. Un progetto complesso che vuole rappresentare un modo nuovo di tutelare l'ambiente naturale, stimolare una fruizione guidata e consapevole della natura, offrire opportunit\u00e0 di sviluppo socio economico per le comunit\u00e0 locali, ponendo al centro la partecipazione alla \u201cbellezza\u201d della Regione.<\/p><p class=\"rtejustify\" style=\"text-align: justify;\">Il principale obiettivo di VIVA \u00e8 quello di superare l'attuale frammentazione e creare una forte immagine unitaria del prodotto natura valdostano, sviluppare sinergie con gli altri settori quali l'agricoltura e la cultura ma, soprattutto, promuovere una fruizione basata su principi di eco-sostenibilit\u00e0, nel rispetto delle esigenze di tutela di queste aree.<\/p><p class=\"rtejustify\" style=\"text-align: justify;\">Alcune fotografie di Stefano Unterthiner saranno utilizzate nella campagna promozionale del progetto; inoltre, Stefano terr\u00e0 una serie di incontri per promuovere VIVA e interverr\u00e0 sul sito web in qualit\u00e0 di <a href=\"http:\/\/www.vivavda.it\/sistema_viva\/editoriale_i.aspx\" target=\"_blank\" rel=\"noopener\">opinion-maker<\/a>.<\/p>","_et_gb_content_width":"","footnotes":""},"categories":[18],"tags":[],"class_list":["post-518","post","type-post","status-publish","format-standard","has-post-thumbnail","hentry","category-news"],"yoast_head":"<!-- This site is optimized with the Yoast SEO plugin v27.5 - https:\/\/yoast.com\/product\/yoast-seo-wordpress\/ -->\n<title>Testimonial di VIVA - The Little Wild Gallery<\/title>\n<meta name=\"robots\" content=\"index, follow, max-snippet:-1, max-image-preview:large, max-video-preview:-1\" \/>\n<link rel=\"canonical\" href=\"https:\/\/www.littlewild-gallery.com\/it\/2013\/08\/14\/testimonial-di-viva\/\" \/>\n<meta property=\"og:locale\" content=\"it_IT\" \/>\n<meta property=\"og:type\" content=\"article\" \/>\n<meta property=\"og:title\" content=\"Testimonial di VIVA - The Little Wild Gallery\" \/>\n<meta property=\"og:description\" content=\"Stefano Unterthiner \u00e8 stato scelto, dalla regione Valle d&#039;Aosta, come testimonial per il progetto VIVA, &quot;Valle d&#039;Aosta unica per natura\u201d. Un progetto complesso che vuole rappresentare un modo nuovo di tutelare l&#039;ambiente naturale, stimolare una fruizione guidata e consapevole della natura, offrire opportunit\u00e0 di sviluppo socio economico per le comunit\u00e0 locali, ponendo al centro la [&hellip;]\" \/>\n<meta property=\"og:url\" content=\"https:\/\/www.littlewild-gallery.com\/it\/2013\/08\/14\/testimonial-di-viva\/\" \/>\n<meta property=\"og:site_name\" content=\"The Little Wild Gallery\" \/>\n<meta property=\"article:published_time\" content=\"2013-08-14T16:02:04+00:00\" \/>\n<meta property=\"article:modified_time\" content=\"2018-09-08T09:29:14+00:00\" \/>\n<meta property=\"og:image\" content=\"https:\/\/www.littlewild-gallery.com\/wp-content\/uploads\/2015\/02\/VIVA_copy.jpg\" \/>\n\t<meta property=\"og:image:width\" content=\"570\" \/>\n\t<meta property=\"og:image:height\" content=\"262\" \/>\n\t<meta property=\"og:image:type\" content=\"image\/jpeg\" \/>\n<meta name=\"author\" content=\"eT6svR4hSJ\" \/>\n<meta name=\"twitter:card\" content=\"summary_large_image\" \/>\n<meta name=\"twitter:label1\" content=\"Scritto da\" \/>\n\t<meta name=\"twitter:data1\" content=\"eT6svR4hSJ\" \/>\n\t<meta name=\"twitter:label2\" content=\"Tempo di lettura stimato\" \/>\n\t<meta name=\"twitter:data2\" content=\"1 minuto\" \/>\n<script type=\"application\/ld+json\" class=\"yoast-schema-graph\">{\"@context\":\"https:\\\/\\\/schema.org\",\"@graph\":[{\"@type\":\"Article\",\"@id\":\"https:\\\/\\\/www.littlewild-gallery.com\\\/it\\\/2013\\\/08\\\/14\\\/testimonial-di-viva\\\/#article\",\"isPartOf\":{\"@id\":\"https:\\\/\\\/www.littlewild-gallery.com\\\/it\\\/2013\\\/08\\\/14\\\/testimonial-di-viva\\\/\"},\"author\":{\"name\":\"eT6svR4hSJ\",\"@id\":\"https:\\\/\\\/www.littlewild-gallery.com\\\/it\\\/#\\\/schema\\\/person\\\/a2ca011123946bd05084dbd109d95169\"},\"headline\":\"Testimonial di VIVA\",\"datePublished\":\"2013-08-14T16:02:04+00:00\",\"dateModified\":\"2018-09-08T09:29:14+00:00\",\"mainEntityOfPage\":{\"@id\":\"https:\\\/\\\/www.littlewild-gallery.com\\\/it\\\/2013\\\/08\\\/14\\\/testimonial-di-viva\\\/\"},\"wordCount\":214,\"commentCount\":0,\"image\":{\"@id\":\"https:\\\/\\\/www.littlewild-gallery.com\\\/it\\\/2013\\\/08\\\/14\\\/testimonial-di-viva\\\/#primaryimage\"},\"thumbnailUrl\":\"https:\\\/\\\/www.littlewild-gallery.com\\\/wp-content\\\/uploads\\\/2015\\\/02\\\/VIVA_copy.jpg\",\"articleSection\":[\"News\"],\"inLanguage\":\"it-IT\",\"potentialAction\":[{\"@type\":\"CommentAction\",\"name\":\"Comment\",\"target\":[\"https:\\\/\\\/www.littlewild-gallery.com\\\/it\\\/2013\\\/08\\\/14\\\/testimonial-di-viva\\\/#respond\"]}]},{\"@type\":\"WebPage\",\"@id\":\"https:\\\/\\\/www.littlewild-gallery.com\\\/it\\\/2013\\\/08\\\/14\\\/testimonial-di-viva\\\/\",\"url\":\"https:\\\/\\\/www.littlewild-gallery.com\\\/it\\\/2013\\\/08\\\/14\\\/testimonial-di-viva\\\/\",\"name\":\"Testimonial di VIVA - The Little Wild Gallery\",\"isPartOf\":{\"@id\":\"https:\\\/\\\/www.littlewild-gallery.com\\\/it\\\/#website\"},\"primaryImageOfPage\":{\"@id\":\"https:\\\/\\\/www.littlewild-gallery.com\\\/it\\\/2013\\\/08\\\/14\\\/testimonial-di-viva\\\/#primaryimage\"},\"image\":{\"@id\":\"https:\\\/\\\/www.littlewild-gallery.com\\\/it\\\/2013\\\/08\\\/14\\\/testimonial-di-viva\\\/#primaryimage\"},\"thumbnailUrl\":\"https:\\\/\\\/www.littlewild-gallery.com\\\/wp-content\\\/uploads\\\/2015\\\/02\\\/VIVA_copy.jpg\",\"datePublished\":\"2013-08-14T16:02:04+00:00\",\"dateModified\":\"2018-09-08T09:29:14+00:00\",\"author\":{\"@id\":\"https:\\\/\\\/www.littlewild-gallery.com\\\/it\\\/#\\\/schema\\\/person\\\/a2ca011123946bd05084dbd109d95169\"},\"breadcrumb\":{\"@id\":\"https:\\\/\\\/www.littlewild-gallery.com\\\/it\\\/2013\\\/08\\\/14\\\/testimonial-di-viva\\\/#breadcrumb\"},\"inLanguage\":\"it-IT\",\"potentialAction\":[{\"@type\":\"ReadAction\",\"target\":[\"https:\\\/\\\/www.littlewild-gallery.com\\\/it\\\/2013\\\/08\\\/14\\\/testimonial-di-viva\\\/\"]}]},{\"@type\":\"ImageObject\",\"inLanguage\":\"it-IT\",\"@id\":\"https:\\\/\\\/www.littlewild-gallery.com\\\/it\\\/2013\\\/08\\\/14\\\/testimonial-di-viva\\\/#primaryimage\",\"url\":\"https:\\\/\\\/www.littlewild-gallery.com\\\/wp-content\\\/uploads\\\/2015\\\/02\\\/VIVA_copy.jpg\",\"contentUrl\":\"https:\\\/\\\/www.littlewild-gallery.com\\\/wp-content\\\/uploads\\\/2015\\\/02\\\/VIVA_copy.jpg\",\"width\":570,\"height\":262,\"caption\":\"VIVA_copy.jpg\"},{\"@type\":\"BreadcrumbList\",\"@id\":\"https:\\\/\\\/www.littlewild-gallery.com\\\/it\\\/2013\\\/08\\\/14\\\/testimonial-di-viva\\\/#breadcrumb\",\"itemListElement\":[{\"@type\":\"ListItem\",\"position\":1,\"name\":\"Home\",\"item\":\"https:\\\/\\\/www.littlewild-gallery.com\\\/it\\\/\"},{\"@type\":\"ListItem\",\"position\":2,\"name\":\"Testimonial di VIVA\"}]},{\"@type\":\"WebSite\",\"@id\":\"https:\\\/\\\/www.littlewild-gallery.com\\\/it\\\/#website\",\"url\":\"https:\\\/\\\/www.littlewild-gallery.com\\\/it\\\/\",\"name\":\"The Little Wild Gallery\",\"description\":\"Fine prints and books by  Stefano Unterthiner\",\"potentialAction\":[{\"@type\":\"SearchAction\",\"target\":{\"@type\":\"EntryPoint\",\"urlTemplate\":\"https:\\\/\\\/www.littlewild-gallery.com\\\/it\\\/?s={search_term_string}\"},\"query-input\":{\"@type\":\"PropertyValueSpecification\",\"valueRequired\":true,\"valueName\":\"search_term_string\"}}],\"inLanguage\":\"it-IT\"},{\"@type\":\"Person\",\"@id\":\"https:\\\/\\\/www.littlewild-gallery.com\\\/it\\\/#\\\/schema\\\/person\\\/a2ca011123946bd05084dbd109d95169\",\"name\":\"eT6svR4hSJ\",\"image\":{\"@type\":\"ImageObject\",\"inLanguage\":\"it-IT\",\"@id\":\"https:\\\/\\\/secure.gravatar.com\\\/avatar\\\/7848cb5e2d46c127bde5abbaabd5d08265745ccd8c08061d23334eaa4116170a?s=96&d=mm&r=g\",\"url\":\"https:\\\/\\\/secure.gravatar.com\\\/avatar\\\/7848cb5e2d46c127bde5abbaabd5d08265745ccd8c08061d23334eaa4116170a?s=96&d=mm&r=g\",\"contentUrl\":\"https:\\\/\\\/secure.gravatar.com\\\/avatar\\\/7848cb5e2d46c127bde5abbaabd5d08265745ccd8c08061d23334eaa4116170a?s=96&d=mm&r=g\",\"caption\":\"eT6svR4hSJ\"},\"url\":\"https:\\\/\\\/www.littlewild-gallery.com\\\/it\\\/author\\\/et6svr4hsj\\\/\"}]}<\/script>\n<!-- \/ Yoast SEO plugin. -->","yoast_head_json":{"title":"Testimonial di VIVA - The Little Wild Gallery","robots":{"index":"index","follow":"follow","max-snippet":"max-snippet:-1","max-image-preview":"max-image-preview:large","max-video-preview":"max-video-preview:-1"},"canonical":"https:\/\/www.littlewild-gallery.com\/it\/2013\/08\/14\/testimonial-di-viva\/","og_locale":"it_IT","og_type":"article","og_title":"Testimonial di VIVA - The Little Wild Gallery","og_description":"Stefano Unterthiner \u00e8 stato scelto, dalla regione Valle d'Aosta, come testimonial per il progetto VIVA, \"Valle d'Aosta unica per natura\u201d. Un progetto complesso che vuole rappresentare un modo nuovo di tutelare l'ambiente naturale, stimolare una fruizione guidata e consapevole della natura, offrire opportunit\u00e0 di sviluppo socio economico per le comunit\u00e0 locali, ponendo al centro la [&hellip;]","og_url":"https:\/\/www.littlewild-gallery.com\/it\/2013\/08\/14\/testimonial-di-viva\/","og_site_name":"The Little Wild Gallery","article_published_time":"2013-08-14T16:02:04+00:00","article_modified_time":"2018-09-08T09:29:14+00:00","og_image":[{"width":570,"height":262,"url":"https:\/\/www.littlewild-gallery.com\/wp-content\/uploads\/2015\/02\/VIVA_copy.jpg","type":"image\/jpeg"}],"author":"eT6svR4hSJ","twitter_card":"summary_large_image","twitter_misc":{"Scritto da":"eT6svR4hSJ","Tempo di lettura stimato":"1 minuto"},"schema":{"@context":"https:\/\/schema.org","@graph":[{"@type":"Article","@id":"https:\/\/www.littlewild-gallery.com\/it\/2013\/08\/14\/testimonial-di-viva\/#article","isPartOf":{"@id":"https:\/\/www.littlewild-gallery.com\/it\/2013\/08\/14\/testimonial-di-viva\/"},"author":{"name":"eT6svR4hSJ","@id":"https:\/\/www.littlewild-gallery.com\/it\/#\/schema\/person\/a2ca011123946bd05084dbd109d95169"},"headline":"Testimonial di VIVA","datePublished":"2013-08-14T16:02:04+00:00","dateModified":"2018-09-08T09:29:14+00:00","mainEntityOfPage":{"@id":"https:\/\/www.littlewild-gallery.com\/it\/2013\/08\/14\/testimonial-di-viva\/"},"wordCount":214,"commentCount":0,"image":{"@id":"https:\/\/www.littlewild-gallery.com\/it\/2013\/08\/14\/testimonial-di-viva\/#primaryimage"},"thumbnailUrl":"https:\/\/www.littlewild-gallery.com\/wp-content\/uploads\/2015\/02\/VIVA_copy.jpg","articleSection":["News"],"inLanguage":"it-IT","potentialAction":[{"@type":"CommentAction","name":"Comment","target":["https:\/\/www.littlewild-gallery.com\/it\/2013\/08\/14\/testimonial-di-viva\/#respond"]}]},{"@type":"WebPage","@id":"https:\/\/www.littlewild-gallery.com\/it\/2013\/08\/14\/testimonial-di-viva\/","url":"https:\/\/www.littlewild-gallery.com\/it\/2013\/08\/14\/testimonial-di-viva\/","name":"Testimonial di VIVA - The Little Wild Gallery","isPartOf":{"@id":"https:\/\/www.littlewild-gallery.com\/it\/#website"},"primaryImageOfPage":{"@id":"https:\/\/www.littlewild-gallery.com\/it\/2013\/08\/14\/testimonial-di-viva\/#primaryimage"},"image":{"@id":"https:\/\/www.littlewild-gallery.com\/it\/2013\/08\/14\/testimonial-di-viva\/#primaryimage"},"thumbnailUrl":"https:\/\/www.littlewild-gallery.com\/wp-content\/uploads\/2015\/02\/VIVA_copy.jpg","datePublished":"2013-08-14T16:02:04+00:00","dateModified":"2018-09-08T09:29:14+00:00","author":{"@id":"https:\/\/www.littlewild-gallery.com\/it\/#\/schema\/person\/a2ca011123946bd05084dbd109d95169"},"breadcrumb":{"@id":"https:\/\/www.littlewild-gallery.com\/it\/2013\/08\/14\/testimonial-di-viva\/#breadcrumb"},"inLanguage":"it-IT","potentialAction":[{"@type":"ReadAction","target":["https:\/\/www.littlewild-gallery.com\/it\/2013\/08\/14\/testimonial-di-viva\/"]}]},{"@type":"ImageObject","inLanguage":"it-IT","@id":"https:\/\/www.littlewild-gallery.com\/it\/2013\/08\/14\/testimonial-di-viva\/#primaryimage","url":"https:\/\/www.littlewild-gallery.com\/wp-content\/uploads\/2015\/02\/VIVA_copy.jpg","contentUrl":"https:\/\/www.littlewild-gallery.com\/wp-content\/uploads\/2015\/02\/VIVA_copy.jpg","width":570,"height":262,"caption":"VIVA_copy.jpg"},{"@type":"BreadcrumbList","@id":"https:\/\/www.littlewild-gallery.com\/it\/2013\/08\/14\/testimonial-di-viva\/#breadcrumb","itemListElement":[{"@type":"ListItem","position":1,"name":"Home","item":"https:\/\/www.littlewild-gallery.com\/it\/"},{"@type":"ListItem","position":2,"name":"Testimonial di VIVA"}]},{"@type":"WebSite","@id":"https:\/\/www.littlewild-gallery.com\/it\/#website","url":"https:\/\/www.littlewild-gallery.com\/it\/","name":"The Little Wild Gallery","description":"Fine prints and books by  Stefano Unterthiner","potentialAction":[{"@type":"SearchAction","target":{"@type":"EntryPoint","urlTemplate":"https:\/\/www.littlewild-gallery.com\/it\/?s={search_term_string}"},"query-input":{"@type":"PropertyValueSpecification","valueRequired":true,"valueName":"search_term_string"}}],"inLanguage":"it-IT"},{"@type":"Person","@id":"https:\/\/www.littlewild-gallery.com\/it\/#\/schema\/person\/a2ca011123946bd05084dbd109d95169","name":"eT6svR4hSJ","image":{"@type":"ImageObject","inLanguage":"it-IT","@id":"https:\/\/secure.gravatar.com\/avatar\/7848cb5e2d46c127bde5abbaabd5d08265745ccd8c08061d23334eaa4116170a?s=96&d=mm&r=g","url":"https:\/\/secure.gravatar.com\/avatar\/7848cb5e2d46c127bde5abbaabd5d08265745ccd8c08061d23334eaa4116170a?s=96&d=mm&r=g","contentUrl":"https:\/\/secure.gravatar.com\/avatar\/7848cb5e2d46c127bde5abbaabd5d08265745ccd8c08061d23334eaa4116170a?s=96&d=mm&r=g","caption":"eT6svR4hSJ"},"url":"https:\/\/www.littlewild-gallery.com\/it\/author\/et6svr4hsj\/"}]}},"_links":{"self":[{"href":"https:\/\/www.littlewild-gallery.com\/it\/wp-json\/wp\/v2\/posts\/518","targetHints":{"allow":["GET"]}}],"collection":[{"href":"https:\/\/www.littlewild-gallery.com\/it\/wp-json\/wp\/v2\/posts"}],"about":[{"href":"https:\/\/www.littlewild-gallery.com\/it\/wp-json\/wp\/v2\/types\/post"}],"author":[{"embeddable":true,"href":"https:\/\/www.littlewild-gallery.com\/it\/wp-json\/wp\/v2\/users\/1"}],"replies":[{"embeddable":true,"href":"https:\/\/www.littlewild-gallery.com\/it\/wp-json\/wp\/v2\/comments?post=518"}],"version-history":[{"count":3,"href":"https:\/\/www.littlewild-gallery.com\/it\/wp-json\/wp\/v2\/posts\/518\/revisions"}],"predecessor-version":[{"id":943,"href":"https:\/\/www.littlewild-gallery.com\/it\/wp-json\/wp\/v2\/posts\/518\/revisions\/943"}],"wp:featuredmedia":[{"embeddable":true,"href":"https:\/\/www.littlewild-gallery.com\/it\/wp-json\/wp\/v2\/media\/517"}],"wp:attachment":[{"href":"https:\/\/www.littlewild-gallery.com\/it\/wp-json\/wp\/v2\/media?parent=518"}],"wp:term":[{"taxonomy":"category","embeddable":true,"href":"https:\/\/www.littlewild-gallery.com\/it\/wp-json\/wp\/v2\/categories?post=518"},{"taxonomy":"post_tag","embeddable":true,"href":"https:\/\/www.littlewild-gallery.com\/it\/wp-json\/wp\/v2\/tags?post=518"}],"curies":[{"name":"wp","href":"https:\/\/api.w.org\/{rel}","templated":true}]}}